{"id":9009,"date":"2022-05-12T20:03:41","date_gmt":"2022-05-12T20:03:41","guid":{"rendered":"https:\/\/portalpraties.com.br\/site\/?p=9009"},"modified":"2022-05-12T20:03:41","modified_gmt":"2022-05-12T20:03:41","slug":"18-05-dia-nacional-da-luta-antimanicomial","status":"publish","type":"post","link":"https:\/\/portalpraties.com.br\/site\/2022\/05\/12\/18-05-dia-nacional-da-luta-antimanicomial\/","title":{"rendered":"18\/05 \u2013 Dia Nacional da Luta Antimanicomial"},"content":{"rendered":"\n<p>O movimento antimanicomial caracteriza-se pela luta por direitos das pessoas com sofrimento mental. No centro desse movimento est\u00e1 o combate ao estigma e \u00e0 exclus\u00e3o de pessoas em sofrimento ps\u00edquico grave, em nome&nbsp;de pretensos tratamentos. O Movimento Antimanicomial faz lembrar que, como qualquer cidad\u00e3o, pessoas com transtornos mentais, t\u00eam o direito fundamental \u00e0 liberdade, o direito a viver em sociedade, al\u00e9m do direito a&nbsp;receber cuidado e tratamento, sem que para isto tenham que abrir m\u00e3o de seu lugar de cidad\u00e3os.<\/p>\n\n\n\n<p>O Movimento da Reforma Psiqui\u00e1trica iniciou-se no final da d\u00e9cada de 70, em pleno processo de redemocratiza\u00e7\u00e3o do pa\u00eds e, em 1.987, teve dois marcos importantes para a escolha do dia que simboliza essa luta, o Encontro dos Trabalhadores da Sa\u00fade Mental, em Bauru\/SP e a I Confer\u00eancia Nacional de Sa\u00fade Mental, em Bras\u00edlia.<\/p>\n\n\n\n<p>Com o lema \u201cpor uma sociedade sem manic\u00f4mios\u201d, diferentes categorias profissionais, associa\u00e7\u00f5es de usu\u00e1rios e familiares, institui\u00e7\u00f5es acad\u00eamicas, representa\u00e7\u00f5es pol\u00edticas e outros segmentos da sociedade, questionam o modelo cl\u00e1ssico de assist\u00eancia centrado em interna\u00e7\u00f5es em hospitais psiqui\u00e1tricos, denunciam as graves viola\u00e7\u00f5es aos direitos das pessoas com transtornos mentais e prop\u00f5em a reorganiza\u00e7\u00e3o do modelo de aten\u00e7\u00e3o em sa\u00fade mental no Brasil a partir de servi\u00e7os abertos, comunit\u00e1rios e territorializados, buscando a garantia da cidadania de usu\u00e1rios e familiares, historicamente discriminados e exclu\u00eddos da sociedade.<\/p>\n\n\n\n<p>Assim como o processo do Movimento da Reforma Sanit\u00e1ria, que resultou na garantia constitucional da sa\u00fade como direito de todos e dever do estado atrav\u00e9s da cria\u00e7\u00e3o do Sistema \u00danico de Sa\u00fade, o Movimento da Reforma Psiqui\u00e1trica resultou na aprova\u00e7\u00e3o da&nbsp;<a href=\"http:\/\/www.planalto.gov.br\/ccivil_03\/leis\/leis_2001\/l10216.htm\">Lei n\u00ba 10.216\/2.001<\/a>,&nbsp;nomeada \u201cLei Paulo Delgado\u201d, que trata da prote\u00e7\u00e3o dos direitos das pessoas com transtornos&nbsp;mentais e redireciona o modelo de assist\u00eancia. Este marco legal estabelece a responsabilidade do Estado no desenvolvimento da pol\u00edtica de sa\u00fade mental no Brasil, atrav\u00e9s do fechamento de hospitais psiqui\u00e1tricos, abertura&nbsp;de novos servi\u00e7os comunit\u00e1rios e participa\u00e7\u00e3o social no acompanhamento de sua implementa\u00e7\u00e3o.<\/p>\n\n\n\n<p>Fonte: bvsms.saude.gov.br<\/p>\n","protected":false},"excerpt":{"rendered":"<p>O movimento antimanicomial caracteriza-se pela luta por direitos das pessoas com sofrimento mental. No centro desse movimento est\u00e1 o combate ao estigma e \u00e0 exclus\u00e3o de pessoas em sofrimento ps\u00edquico grave, em nome&nbsp;de pretensos tratamentos. O Movimento Antimanicomial faz lembrar que, como qualquer cidad\u00e3o, pessoas com transtornos mentais, t\u00eam o direito fundamental \u00e0 liberdade, o direito a viver em sociedade, [&hellip;]<\/p>\n","protected":false},"author":1,"featured_media":9007,"comment_status":"closed","ping_status":"","sticky":false,"template":"","format":"standard","meta":{"footnotes":""},"categories":[3],"tags":[],"class_list":["post-9009","post","type-post","status-publish","format-standard","has-post-thumbnail","hentry","category-noticias"],"_links":{"self":[{"href":"https:\/\/portalpraties.com.br\/site\/wp-json\/wp\/v2\/posts\/9009","targetHints":{"allow":["GET"]}}],"collection":[{"href":"https:\/\/portalpraties.com.br\/site\/wp-json\/wp\/v2\/posts"}],"about":[{"href":"https:\/\/portalpraties.com.br\/site\/wp-json\/wp\/v2\/types\/post"}],"author":[{"embeddable":true,"href":"https:\/\/portalpraties.com.br\/site\/wp-json\/wp\/v2\/users\/1"}],"replies":[{"embeddable":true,"href":"https:\/\/portalpraties.com.br\/site\/wp-json\/wp\/v2\/comments?post=9009"}],"version-history":[{"count":1,"href":"https:\/\/portalpraties.com.br\/site\/wp-json\/wp\/v2\/posts\/9009\/revisions"}],"predecessor-version":[{"id":9011,"href":"https:\/\/portalpraties.com.br\/site\/wp-json\/wp\/v2\/posts\/9009\/revisions\/9011"}],"wp:featuredmedia":[{"embeddable":true,"href":"https:\/\/portalpraties.com.br\/site\/wp-json\/wp\/v2\/media\/9007"}],"wp:attachment":[{"href":"https:\/\/portalpraties.com.br\/site\/wp-json\/wp\/v2\/media?parent=9009"}],"wp:term":[{"taxonomy":"category","embeddable":true,"href":"https:\/\/portalpraties.com.br\/site\/wp-json\/wp\/v2\/categories?post=9009"},{"taxonomy":"post_tag","embeddable":true,"href":"https:\/\/portalpraties.com.br\/site\/wp-json\/wp\/v2\/tags?post=9009"}],"curies":[{"name":"wp","href":"https:\/\/api.w.org\/{rel}","templated":true}]}}