{"id":9012,"date":"2022-05-12T20:06:23","date_gmt":"2022-05-12T20:06:23","guid":{"rendered":"https:\/\/portalpraties.com.br\/site\/?p=9012"},"modified":"2022-05-12T20:06:23","modified_gmt":"2022-05-12T20:06:23","slug":"12-05-dia-internacional-da-enfermagem","status":"publish","type":"post","link":"https:\/\/portalpraties.com.br\/site\/2022\/05\/12\/12-05-dia-internacional-da-enfermagem\/","title":{"rendered":"12\/05 \u2013 Dia Internacional da Enfermagem"},"content":{"rendered":"\n<p>Dia 12 de maio comemora-se mundialmente o Dia da Enfermagem e o Dia do Enfermeiro, em homenagem a Florence Nightingale, marco da enfermagem moderna no mundo e que nasceu em 12 de maio de 1820. No Brasil, al\u00e9m do Dia do Enfermeiro, entre os dias 12 e 20 de maio, comemora-se a Semana da Enfermagem, data institu\u00edda em meados dos anos 40, em homenagem a dois grandes personagens da Enfermagem no mundo: Florence Nigthingale e Ana N\u00e9ri, enfermeira brasileira e a primeira a se alistar voluntariamente em combates militares.<\/p>\n\n\n\n<p>A profiss\u00e3o tem origem milenar e data da \u00e9poca em que ser enfermeiro era uma refer\u00eancia a quem cuidava, protegia e nutria pessoas convalescentes, idosos e deficientes. Durante s\u00e9culos, a enfermagem vem formando profissionais em todo o mundo, comprometidos com a sa\u00fade e o bem-estar do ser humano.<\/p>\n\n\n\n<p>O processo de enfermagem \u00e9 a din\u00e2mica das a\u00e7\u00f5es sistematizadas e inter-relacionadas, visando \u00e0 assist\u00eancia ao ser humano e deve ser realizado, de modo deliberado e sistem\u00e1tico, em todos os ambientes, p\u00fablicos ou privados, em que ocorre o cuidado profissional de enfermagem.<\/p>\n\n\n\n<p>Fonte: bvsms.saude.gov.br<\/p>\n","protected":false},"excerpt":{"rendered":"<p>Dia 12 de maio comemora-se mundialmente o Dia da Enfermagem e o Dia do Enfermeiro, em homenagem a Florence Nightingale, marco da enfermagem moderna no mundo e que nasceu em 12 de maio de 1820. No Brasil, al\u00e9m do Dia do Enfermeiro, entre os dias 12 e 20 de maio, comemora-se a Semana da Enfermagem, data institu\u00edda em meados dos [&hellip;]<\/p>\n","protected":false},"author":1,"featured_media":9013,"comment_status":"closed","ping_status":"","sticky":false,"template":"","format":"standard","meta":{"footnotes":""},"categories":[3],"tags":[],"class_list":["post-9012","post","type-post","status-publish","format-standard","has-post-thumbnail","hentry","category-noticias"],"_links":{"self":[{"href":"https:\/\/portalpraties.com.br\/site\/wp-json\/wp\/v2\/posts\/9012","targetHints":{"allow":["GET"]}}],"collection":[{"href":"https:\/\/portalpraties.com.br\/site\/wp-json\/wp\/v2\/posts"}],"about":[{"href":"https:\/\/portalpraties.com.br\/site\/wp-json\/wp\/v2\/types\/post"}],"author":[{"embeddable":true,"href":"https:\/\/portalpraties.com.br\/site\/wp-json\/wp\/v2\/users\/1"}],"replies":[{"embeddable":true,"href":"https:\/\/portalpraties.com.br\/site\/wp-json\/wp\/v2\/comments?post=9012"}],"version-history":[{"count":1,"href":"https:\/\/portalpraties.com.br\/site\/wp-json\/wp\/v2\/posts\/9012\/revisions"}],"predecessor-version":[{"id":9014,"href":"https:\/\/portalpraties.com.br\/site\/wp-json\/wp\/v2\/posts\/9012\/revisions\/9014"}],"wp:featuredmedia":[{"embeddable":true,"href":"https:\/\/portalpraties.com.br\/site\/wp-json\/wp\/v2\/media\/9013"}],"wp:attachment":[{"href":"https:\/\/portalpraties.com.br\/site\/wp-json\/wp\/v2\/media?parent=9012"}],"wp:term":[{"taxonomy":"category","embeddable":true,"href":"https:\/\/portalpraties.com.br\/site\/wp-json\/wp\/v2\/categories?post=9012"},{"taxonomy":"post_tag","embeddable":true,"href":"https:\/\/portalpraties.com.br\/site\/wp-json\/wp\/v2\/tags?post=9012"}],"curies":[{"name":"wp","href":"https:\/\/api.w.org\/{rel}","templated":true}]}}