{"id":9020,"date":"2022-05-15T16:36:10","date_gmt":"2022-05-15T16:36:10","guid":{"rendered":"https:\/\/portalpraties.com.br\/site\/?p=9020"},"modified":"2022-05-15T16:36:10","modified_gmt":"2022-05-15T16:36:10","slug":"escalacao-da-selecao-tite-mexe-em-todos-os-setores-e-faz-sete-trocas-para-enfrentar-a-bolivia","status":"publish","type":"post","link":"https:\/\/portalpraties.com.br\/site\/2022\/05\/15\/escalacao-da-selecao-tite-mexe-em-todos-os-setores-e-faz-sete-trocas-para-enfrentar-a-bolivia\/","title":{"rendered":"Escala\u00e7\u00e3o da Sele\u00e7\u00e3o: Tite mexe em todos os setores e faz sete trocas para enfrentar a Bol\u00edvia"},"content":{"rendered":"\n<h2 class=\"wp-block-heading\">Coutinho e Richarlison entram nas vagas de Neymar e Vini J\u00fanior, na \u00faltima rodada das Eliminat\u00f3rias. Globo, SporTV e ge transmitem o jogo ao vivo na ter\u00e7a-feira<\/h2>\n\n\n\n<p>A\u00a0sele\u00e7\u00e3o brasileira\u00a0vai a campo pela \u00faltima rodada das\u00a0Eliminat\u00f3rias\u00a0repleta de mudan\u00e7as. Diante da Bol\u00edvia, nesta ter\u00e7a-feira, \u00e0s 20h30 (de Bras\u00edlia), em La Paz, o t\u00e9cnico Tite far\u00e1 trocas em todos os setores e usar\u00e1 uma escala\u00e7\u00e3o com sete altera\u00e7\u00f5es em rela\u00e7\u00e3o \u00e0\u00a0<strong>goleada sobre o Chile<\/strong>, na \u00faltima quinta.<\/p>\n\n\n\n<p>Na manh\u00e3 desta segunda-feira na Granja Comary, Tite comandou o \u00faltimo treino antes da viagem para a Bol\u00edvia e confirmou as substitui\u00e7\u00f5es\u00a0<strong>que j\u00e1 havia esbo\u00e7ado no dia anterior.<\/strong><\/p>\n\n\n\n<p>Entram na equipe o zagueiro\u00a0<strong>\u00c9der Milit\u00e3o<\/strong>, os laterais\u00a0<strong>Daniel Alves<\/strong>\u00a0e\u00a0<strong>Alex Telles<\/strong>, os meio-campistas\u00a0<strong>Fabinho, Bruno Guimar\u00e3es e Philippe Coutinho<\/strong>\u00a0e o atacante\u00a0<strong>Richarlison<\/strong>.<\/p>\n\n\n\n<p>Al\u00e9m de\u00a0<strong>Neymar e Vini J\u00fanior<\/strong>, suspensos, deixam a equipe o zagueiro\u00a0<strong>Thiago Silva<\/strong>, os laterais\u00a0<strong>Danilo\u00a0<\/strong>e\u00a0<strong>Guilherme Arana<\/strong>, e os meias\u00a0<strong>Casemiro e Fred<\/strong>.<\/p>\n\n\n\n<p>Assim, a Sele\u00e7\u00e3o vai a campo com:&nbsp;<strong>Alisson, Daniel Alves, Marquinhos, \u00c9der Milit\u00e3o e Alex Telles; Fabinho, Bruno Guimar\u00e3es e Lucas Paquet\u00e1; Antony, Coutinho e Richarlison<\/strong>.<\/p>\n\n\n\n<blockquote class=\"wp-block-quote is-layout-flow wp-block-quote-is-layout-flow\"><p>Globo, SporTV e ge transmitem ao vivo o jogo entre Bol\u00edvia e Brasil, \u00e0s 20h30 de ter\u00e7a.<\/p><\/blockquote>\n\n\n\n<p>A atividade desta segunda contou com apenas dois goleiros, Alisson e Everson, j\u00e1 que\u00a0<strong>Weverton foi cortado na noite de domingo ap\u00f3s sofrer um trauma na m\u00e3o esquerda<\/strong>\u00a0durante o treino. Seu substituto, Santos, do Athletico-PR, s\u00f3 vai encontrar com os outros atletas no Rio de Janeiro.<\/p>\n\n\n\n<p>Antes do treino, Tite reuniu o grupo e apresentou algumas imagens da Bol\u00edvia em TV posicionada no campo. Depois, ele comandou um enfrentamento entre titulares e reservas em campo reduzido, sem goleiros. Tamb\u00e9m acompanhou de perto o treino de finaliza\u00e7\u00f5es.<\/p>\n\n\n\n<p>O time dos suplentes foi escalado com:\u00a0<strong>Danilo, Thiago Silva, Felipe e Guilherme Arana; Casemiro, Fred e Arthur; Rodrygo, Martinelli e Erick Marcus<\/strong>\u00a0(atacante da base do Vasco).<\/p>\n\n\n\n<p>Tite procurou trabalhar a movimenta\u00e7\u00e3o da equipe titular a partir da sa\u00edda de bola desde a \u00e1rea e tamb\u00e9m ap\u00f3s a circula\u00e7\u00e3o no meio de campo.\u00a0A tend\u00eancia \u00e9 de um jogo mais de aproxima\u00e7\u00e3o e toques curtos,\u00a0com Antony, Coutinho, Paquet\u00e1 e Richarlison atacando juntos a \u00e1rea.<\/p>\n\n\n\n<p>A Sele\u00e7\u00e3o deixa Teres\u00f3polis por volta das 15h da tarde e embarca no Aeroporto Internacional do Gale\u00e3o \u00e0s 17h.&nbsp;A delega\u00e7\u00e3o chega primeiro em Santa Cruz de La Sierra, dorme na cidade e s\u00f3 viaja para La Paz na ter\u00e7a-feira faltando poucas horas para o in\u00edcio da partida&nbsp;no est\u00e1dio Hernando Siles.<\/p>\n\n\n\n<p>O Brasil j\u00e1 est\u00e1 classificado para a Copa do Mundo e, nesta sexta-feira, vai descobrir o seu caminho no Mundial do Catar. O sorteio dos grupos ser\u00e1 realizado \u00e0s 13h (de Bras\u00edlia).<\/p>\n\n\n\n<p>Vale lembrar que a Sele\u00e7\u00e3o ainda ter\u00e1 de realizar jogo contra a Argentina, v\u00e1lido pela s\u00e9tima rodada das Eliminat\u00f3rias, que deveria ter acontecido em setembro de 2021, mas acabou suspenso ap\u00f3s interven\u00e7\u00e3o de agentes da Anvisa. O cl\u00e1ssico deve ser disputado em junho, e a CBF deseja lev\u00e1-lo para a Austr\u00e1lia.<\/p>\n\n\n\n<p>Fonte: ge.globo.com<\/p>\n","protected":false},"excerpt":{"rendered":"<p>Coutinho e Richarlison entram nas vagas de Neymar e Vini J\u00fanior, na \u00faltima rodada das Eliminat\u00f3rias. Globo, SporTV e ge transmitem o jogo ao vivo na ter\u00e7a-feira A\u00a0sele\u00e7\u00e3o brasileira\u00a0vai a campo pela \u00faltima rodada das\u00a0Eliminat\u00f3rias\u00a0repleta de mudan\u00e7as. Diante da Bol\u00edvia, nesta ter\u00e7a-feira, \u00e0s 20h30 (de Bras\u00edlia), em La Paz, o t\u00e9cnico Tite far\u00e1 trocas em todos os setores e usar\u00e1 [&hellip;]<\/p>\n","protected":false},"author":1,"featured_media":9021,"comment_status":"closed","ping_status":"","sticky":false,"template":"","format":"standard","meta":{"footnotes":""},"categories":[3],"tags":[],"class_list":["post-9020","post","type-post","status-publish","format-standard","has-post-thumbnail","hentry","category-noticias"],"_links":{"self":[{"href":"https:\/\/portalpraties.com.br\/site\/wp-json\/wp\/v2\/posts\/9020","targetHints":{"allow":["GET"]}}],"collection":[{"href":"https:\/\/portalpraties.com.br\/site\/wp-json\/wp\/v2\/posts"}],"about":[{"href":"https:\/\/portalpraties.com.br\/site\/wp-json\/wp\/v2\/types\/post"}],"author":[{"embeddable":true,"href":"https:\/\/portalpraties.com.br\/site\/wp-json\/wp\/v2\/users\/1"}],"replies":[{"embeddable":true,"href":"https:\/\/portalpraties.com.br\/site\/wp-json\/wp\/v2\/comments?post=9020"}],"version-history":[{"count":1,"href":"https:\/\/portalpraties.com.br\/site\/wp-json\/wp\/v2\/posts\/9020\/revisions"}],"predecessor-version":[{"id":9022,"href":"https:\/\/portalpraties.com.br\/site\/wp-json\/wp\/v2\/posts\/9020\/revisions\/9022"}],"wp:featuredmedia":[{"embeddable":true,"href":"https:\/\/portalpraties.com.br\/site\/wp-json\/wp\/v2\/media\/9021"}],"wp:attachment":[{"href":"https:\/\/portalpraties.com.br\/site\/wp-json\/wp\/v2\/media?parent=9020"}],"wp:term":[{"taxonomy":"category","embeddable":true,"href":"https:\/\/portalpraties.com.br\/site\/wp-json\/wp\/v2\/categories?post=9020"},{"taxonomy":"post_tag","embeddable":true,"href":"https:\/\/portalpraties.com.br\/site\/wp-json\/wp\/v2\/tags?post=9020"}],"curies":[{"name":"wp","href":"https:\/\/api.w.org\/{rel}","templated":true}]}}